{"id":21421,"date":"2026-04-28T09:19:54","date_gmt":"2026-04-28T07:19:54","guid":{"rendered":"https:\/\/ramonesteve.com\/?p=21421"},"modified":"2026-04-28T09:27:13","modified_gmt":"2026-04-28T07:27:13","slug":"biomedical-and-health-campus-of-ciudad-real-begins-construction","status":"publish","type":"post","link":"https:\/\/ramonesteve.com\/en\/prensa\/noticias\/biomedical-and-health-campus-of-ciudad-real-begins-construction\/","title":{"rendered":"Ciudad Real begins construction of new UCLM Biomedical and Health Sciences Campus"},"content":{"rendered":"\n<p>The laying of the foundation stone marks the start of a major project by <strong>Ram\u00f3n Esteve Estudio<\/strong>, designed to connect education, healthcare, biomedical research and the city.<\/p>\n\n\n\n<div style=\"height:25px\" aria-hidden=\"true\" class=\"wp-block-spacer\"><\/div>\n\n\n\n<figure class=\"wp-block-image size-large\"><img fetchpriority=\"high\" decoding=\"async\" width=\"1024\" height=\"599\" src=\"https:\/\/ramonesteve.com\/wp-content\/uploads\/2025\/04\/Ramon-Esteve-Estudio_Campus-Biosanitario-Ciudad-Real_Exterior-1024x599.webp\" alt=\"\" class=\"wp-image-19904\" srcset=\"https:\/\/ramonesteve.com\/wp-content\/uploads\/2025\/04\/Ramon-Esteve-Estudio_Campus-Biosanitario-Ciudad-Real_Exterior-1024x599.webp 1024w, https:\/\/ramonesteve.com\/wp-content\/uploads\/2025\/04\/Ramon-Esteve-Estudio_Campus-Biosanitario-Ciudad-Real_Exterior-300x175.webp 300w, https:\/\/ramonesteve.com\/wp-content\/uploads\/2025\/04\/Ramon-Esteve-Estudio_Campus-Biosanitario-Ciudad-Real_Exterior-768x449.webp 768w, https:\/\/ramonesteve.com\/wp-content\/uploads\/2025\/04\/Ramon-Esteve-Estudio_Campus-Biosanitario-Ciudad-Real_Exterior-1536x898.webp 1536w, https:\/\/ramonesteve.com\/wp-content\/uploads\/2025\/04\/Ramon-Esteve-Estudio_Campus-Biosanitario-Ciudad-Real_Exterior.webp 1920w\" sizes=\"(max-width: 1024px) 100vw, 1024px\" \/><\/figure>\n\n\n\n<div style=\"height:25px\" aria-hidden=\"true\" class=\"wp-block-spacer\"><\/div>\n\n\n\n<p>Construction has begun on the new <strong><a href=\"https:\/\/ramonesteve.com\/en\/architecture\/culture-and-education\/biomedical-health-campus-ciudad-real\/\" data-type=\"architecture\" data-id=\"1979\">Biomedical and Health Campus of the University of Castilla-La Mancha in Ciudad Real<\/a><\/strong>. Designed by <strong>Ram\u00f3n Esteve Estudio<\/strong>, the project will create a new academic and research hub next to the Ciudad Real General University Hospital, strengthening the links between healthcare education, clinical practice, biomedical research and the urban environment.<\/p>\n\n\n\n<div style=\"height:25px\" aria-hidden=\"true\" class=\"wp-block-spacer\"><\/div>\n\n\n\n<h2 class=\"wp-block-heading\">A New Health Sciences Campus Connecting University, Hospital and Research<\/h2>\n\n\n\n<p>Located next to the <strong>Ciudad Real University General Hospital<\/strong>, the new <strong>UCLM Biomedical and Health Campus<\/strong> will have more than 19,000 sqm and will bring together five independent but interconnected buildings, intended for the future Faculties of Medicine and Nursing, teaching laboratories, biomedical research, animal facility, general services and Forensic Sciences Laboratory.<\/p>\n\n\n\n<div style=\"height:25px\" aria-hidden=\"true\" class=\"wp-block-spacer\"><\/div>\n\n\n\n<figure class=\"wp-block-gallery has-nested-images columns-default is-cropped wp-block-gallery-1 is-layout-flex wp-block-gallery-is-layout-flex\">\n<figure class=\"wp-block-image size-large\"><img decoding=\"async\" width=\"1024\" height=\"1024\" data-id=\"19890\" src=\"https:\/\/ramonesteve.com\/wp-content\/uploads\/2025\/04\/Ramon-Esteve-Estudio_Campus-Biosanitario-Ciudad-Real_Pergolasjpg-1024x1024.webp\" alt=\"\" class=\"wp-image-19890\" srcset=\"https:\/\/ramonesteve.com\/wp-content\/uploads\/2025\/04\/Ramon-Esteve-Estudio_Campus-Biosanitario-Ciudad-Real_Pergolasjpg-1024x1024.webp 1024w, https:\/\/ramonesteve.com\/wp-content\/uploads\/2025\/04\/Ramon-Esteve-Estudio_Campus-Biosanitario-Ciudad-Real_Pergolasjpg-300x300.webp 300w, https:\/\/ramonesteve.com\/wp-content\/uploads\/2025\/04\/Ramon-Esteve-Estudio_Campus-Biosanitario-Ciudad-Real_Pergolasjpg-150x150.webp 150w, https:\/\/ramonesteve.com\/wp-content\/uploads\/2025\/04\/Ramon-Esteve-Estudio_Campus-Biosanitario-Ciudad-Real_Pergolasjpg-768x768.webp 768w, https:\/\/ramonesteve.com\/wp-content\/uploads\/2025\/04\/Ramon-Esteve-Estudio_Campus-Biosanitario-Ciudad-Real_Pergolasjpg-1536x1536.webp 1536w, https:\/\/ramonesteve.com\/wp-content\/uploads\/2025\/04\/Ramon-Esteve-Estudio_Campus-Biosanitario-Ciudad-Real_Pergolasjpg.webp 1920w\" sizes=\"(max-width: 1024px) 100vw, 1024px\" \/><\/figure>\n\n\n\n<figure class=\"wp-block-image size-large\"><img decoding=\"async\" width=\"1024\" height=\"1024\" data-id=\"19886\" src=\"https:\/\/ramonesteve.com\/wp-content\/uploads\/2025\/04\/Ramon-Esteve-Estudio_Campus-Biosanitario-Ciudad-Real_Pergolas-Patio-1024x1024.webp\" alt=\"\" class=\"wp-image-19886\" srcset=\"https:\/\/ramonesteve.com\/wp-content\/uploads\/2025\/04\/Ramon-Esteve-Estudio_Campus-Biosanitario-Ciudad-Real_Pergolas-Patio-1024x1024.webp 1024w, https:\/\/ramonesteve.com\/wp-content\/uploads\/2025\/04\/Ramon-Esteve-Estudio_Campus-Biosanitario-Ciudad-Real_Pergolas-Patio-300x300.webp 300w, https:\/\/ramonesteve.com\/wp-content\/uploads\/2025\/04\/Ramon-Esteve-Estudio_Campus-Biosanitario-Ciudad-Real_Pergolas-Patio-150x150.webp 150w, https:\/\/ramonesteve.com\/wp-content\/uploads\/2025\/04\/Ramon-Esteve-Estudio_Campus-Biosanitario-Ciudad-Real_Pergolas-Patio-768x768.webp 768w, https:\/\/ramonesteve.com\/wp-content\/uploads\/2025\/04\/Ramon-Esteve-Estudio_Campus-Biosanitario-Ciudad-Real_Pergolas-Patio-1536x1536.webp 1536w, https:\/\/ramonesteve.com\/wp-content\/uploads\/2025\/04\/Ramon-Esteve-Estudio_Campus-Biosanitario-Ciudad-Real_Pergolas-Patio.webp 1920w\" sizes=\"(max-width: 1024px) 100vw, 1024px\" \/><\/figure>\n<\/figure>\n\n\n\n<div style=\"height:25px\" aria-hidden=\"true\" class=\"wp-block-spacer\"><\/div>\n\n\n\n<p>The studio's proposal is conceived as an open, flexible and <strong>sustainable<\/strong> campus organised around a large entrance plaza, landscaped areas and a sequence of buildings connected by shared spaces. This layout reinforces the functional relationship with the hospital while creating an academic setting that encourages interdisciplinary collaboration, scientific innovation and knowledge transfer.<\/p>\n\n\n\n<div style=\"height:25px\" aria-hidden=\"true\" class=\"wp-block-spacer\"><\/div>\n\n\n\n<h2 class=\"wp-block-heading\">Sustainable Architecture and Green Certification at the Core of the Project<\/h2>\n\n\n\n<p>Sustainability is central to the design. The building envelope follows passive design principles, incorporating prefabricated solutions, low-carbon materials and construction systems that improve efficiency and support industrialized building processes. The project is also registered with the <a href=\"https:\/\/gbce.es\/\" data-type=\"link\" data-id=\"https:\/\/gbce.es\/\" target=\"_blank\" rel=\"noopener\"><strong>Green Building Council Espa\u00f1a<\/strong> <strong>(GBCE Certificate)<\/strong><\/a>, reflecting its commitment to environmental certification and a responsible model for university development.<\/p>\n\n\n\n<div style=\"height:25px\" aria-hidden=\"true\" class=\"wp-block-spacer\"><\/div>\n\n\n\n<figure class=\"wp-block-gallery has-nested-images columns-default is-cropped wp-block-gallery-2 is-layout-flex wp-block-gallery-is-layout-flex\">\n<figure class=\"wp-block-image size-large\"><img loading=\"lazy\" decoding=\"async\" width=\"768\" height=\"1024\" data-id=\"21423\" src=\"https:\/\/ramonesteve.com\/wp-content\/uploads\/2026\/04\/Ramon-Esteve-Estudio-Campus-Biosanitario-de-Ciudad-Real-03-768x1024.webp\" alt=\"\" class=\"wp-image-21423\" srcset=\"https:\/\/ramonesteve.com\/wp-content\/uploads\/2026\/04\/Ramon-Esteve-Estudio-Campus-Biosanitario-de-Ciudad-Real-03-768x1024.webp 768w, https:\/\/ramonesteve.com\/wp-content\/uploads\/2026\/04\/Ramon-Esteve-Estudio-Campus-Biosanitario-de-Ciudad-Real-03-225x300.webp 225w, https:\/\/ramonesteve.com\/wp-content\/uploads\/2026\/04\/Ramon-Esteve-Estudio-Campus-Biosanitario-de-Ciudad-Real-03-1152x1536.webp 1152w, https:\/\/ramonesteve.com\/wp-content\/uploads\/2026\/04\/Ramon-Esteve-Estudio-Campus-Biosanitario-de-Ciudad-Real-03-1536x2048.webp 1536w, https:\/\/ramonesteve.com\/wp-content\/uploads\/2026\/04\/Ramon-Esteve-Estudio-Campus-Biosanitario-de-Ciudad-Real-03.webp 1888w\" sizes=\"(max-width: 768px) 100vw, 768px\" \/><\/figure>\n\n\n\n<figure class=\"wp-block-image size-large\"><img loading=\"lazy\" decoding=\"async\" width=\"768\" height=\"1024\" data-id=\"21422\" src=\"https:\/\/ramonesteve.com\/wp-content\/uploads\/2026\/04\/Ramon-Esteve-Estudio-Campus-Biosanitario-de-Ciudad-Real-04-768x1024.webp\" alt=\"\" class=\"wp-image-21422\" srcset=\"https:\/\/ramonesteve.com\/wp-content\/uploads\/2026\/04\/Ramon-Esteve-Estudio-Campus-Biosanitario-de-Ciudad-Real-04-768x1024.webp 768w, https:\/\/ramonesteve.com\/wp-content\/uploads\/2026\/04\/Ramon-Esteve-Estudio-Campus-Biosanitario-de-Ciudad-Real-04-225x300.webp 225w, https:\/\/ramonesteve.com\/wp-content\/uploads\/2026\/04\/Ramon-Esteve-Estudio-Campus-Biosanitario-de-Ciudad-Real-04-1152x1536.webp 1152w, https:\/\/ramonesteve.com\/wp-content\/uploads\/2026\/04\/Ramon-Esteve-Estudio-Campus-Biosanitario-de-Ciudad-Real-04-1536x2048.webp 1536w, https:\/\/ramonesteve.com\/wp-content\/uploads\/2026\/04\/Ramon-Esteve-Estudio-Campus-Biosanitario-de-Ciudad-Real-04.webp 1574w\" sizes=\"(max-width: 768px) 100vw, 768px\" \/><\/figure>\n<\/figure>\n\n\n\n<div style=\"height:25px\" aria-hidden=\"true\" class=\"wp-block-spacer\"><\/div>\n\n\n\n<h2 class=\"wp-block-heading\">Ram\u00f3n Esteve Presents the Key Concepts of the New Health Sciences Campus<\/h2>\n\n\n\n<p>The foundation stone ceremony was attended by Jos\u00e9 Juli\u00e1n Garde, Rector of the University of Castilla-La Mancha; Emiliano Garc\u00eda-Page, President of the Regional Government of Castilla-La Mancha; Francisco Ca\u00f1izares, Mayor of Ciudad Real; and Jos\u00e9 Manuel Caballero, Second Vice President of the regional government. Following the institutional remarks, Ram\u00f3n Esteve presented the project to Garc\u00eda-Page, explaining its architectural, urban and functional strategies.<\/p>\n\n\n\n<div style=\"height:25px\" aria-hidden=\"true\" class=\"wp-block-spacer\"><\/div>\n\n\n\n<h2 class=\"wp-block-heading\">A New Urban and Academic Landmark for Ciudad Real<\/h2>\n\n\n\n<p>Beyond its academic and scientific programme, the campus is conceived as a new urban landmark for Ciudad Real. Its location beside the hospital, open layout and sustainable design will help consolidate a healthcare-university ecosystem designed to attract talent, expand research activity and strengthen the city's position as a centre for knowledge, healthcare and innovation. <\/p>\n\n\n\n<p>With this project, <strong>Ram\u00f3n Esteve Estudio<\/strong> contributes to a new university landscape in Castilla-La Mancha: contemporary, efficient and human-centred public architecture designed to meet the evolving needs of healthcare education and biomedical research.<\/p>\n\n\n\n<div style=\"height:150px\" aria-hidden=\"true\" class=\"wp-block-spacer\"><\/div>\n","protected":false},"excerpt":{"rendered":"<p>The laying of the foundation stone marks the start of a major project by Ram\u00f3n Esteve Estudio, designed to connect education, healthcare, biomedical research and the city. Construction has begun on the new Biomedical and Health Campus of the University of Castilla-La Mancha in Ciudad Real. Designed by Ram\u00f3n Esteve Estudio, the project will create [&hellip;]<\/p>\n","protected":false},"author":6,"featured_media":19898,"comment_status":"closed","ping_status":"closed","sticky":false,"template":"","format":"standard","meta":{"_acf_changed":false,"footnotes":""},"categories":[34],"tags":[],"class_list":["post-21421","post","type-post","status-publish","format-standard","has-post-thumbnail","hentry","category-news"],"acf":[],"_links":{"self":[{"href":"https:\/\/ramonesteve.com\/en\/wp-json\/wp\/v2\/posts\/21421","targetHints":{"allow":["GET"]}}],"collection":[{"href":"https:\/\/ramonesteve.com\/en\/wp-json\/wp\/v2\/posts"}],"about":[{"href":"https:\/\/ramonesteve.com\/en\/wp-json\/wp\/v2\/types\/post"}],"author":[{"embeddable":true,"href":"https:\/\/ramonesteve.com\/en\/wp-json\/wp\/v2\/users\/6"}],"replies":[{"embeddable":true,"href":"https:\/\/ramonesteve.com\/en\/wp-json\/wp\/v2\/comments?post=21421"}],"version-history":[{"count":2,"href":"https:\/\/ramonesteve.com\/en\/wp-json\/wp\/v2\/posts\/21421\/revisions"}],"predecessor-version":[{"id":21431,"href":"https:\/\/ramonesteve.com\/en\/wp-json\/wp\/v2\/posts\/21421\/revisions\/21431"}],"wp:featuredmedia":[{"embeddable":true,"href":"https:\/\/ramonesteve.com\/en\/wp-json\/wp\/v2\/media\/19898"}],"wp:attachment":[{"href":"https:\/\/ramonesteve.com\/en\/wp-json\/wp\/v2\/media?parent=21421"}],"wp:term":[{"taxonomy":"category","embeddable":true,"href":"https:\/\/ramonesteve.com\/en\/wp-json\/wp\/v2\/categories?post=21421"},{"taxonomy":"post_tag","embeddable":true,"href":"https:\/\/ramonesteve.com\/en\/wp-json\/wp\/v2\/tags?post=21421"}],"curies":[{"name":"wp","href":"https:\/\/api.w.org\/{rel}","templated":true}]}}